{"id":5809,"date":"2022-06-20T15:07:44","date_gmt":"2022-06-20T13:07:44","guid":{"rendered":"https:\/\/www.wirmachendigitalisierungeinfach.de\/bildung\/?p=5809"},"modified":"2022-11-10T10:14:04","modified_gmt":"2022-11-10T09:14:04","slug":"digitalisierte-arbeitsbedingungen","status":"publish","type":"post","link":"https:\/\/www.wirmachendigitalisierungeinfach.de\/bildung\/digitalisierte-arbeitsbedingungen\/","title":{"rendered":"Digitalisierte Arbeitsbedingungen Schule"},"content":{"rendered":"\t\t<div data-elementor-type=\"wp-post\" data-elementor-id=\"5809\" class=\"elementor elementor-5809\" data-elementor-post-type=\"post\">\n\t\t\t\t\t\t<section class=\"elementor-section elementor-top-section elementor-element elementor-element-d65164b elementor-section-boxed elementor-section-height-default elementor-section-height-default\" data-id=\"d65164b\" data-element_type=\"section\" data-e-type=\"section\">\n\t\t\t\t\t\t<div class=\"elementor-container elementor-column-gap-default\">\n\t\t\t\t\t<div class=\"elementor-column elementor-col-100 elementor-top-column elementor-element elementor-element-98e35ef\" data-id=\"98e35ef\" data-element_type=\"column\" data-e-type=\"column\">\n\t\t\t<div class=\"elementor-widget-wrap elementor-element-populated\">\n\t\t\t\t\t\t<div class=\"elementor-element elementor-element-b6c5191 elementor-widget elementor-widget-heading\" data-id=\"b6c5191\" data-element_type=\"widget\" data-e-type=\"widget\" data-widget_type=\"heading.default\">\n\t\t\t\t<div class=\"elementor-widget-container\">\n\t\t\t\t\t<h2 class=\"elementor-heading-title elementor-size-default\">Mobile Endger\u00e4te als Schaltzentrale des digitalen Arbeitsplatzes f\u00fcr Lehrkr\u00e4fte. \n<br>Erfahren Sie hier, worauf Sie bei der Auswahl und Anschaffung achten m\u00fcssen!<\/h2>\t\t\t\t<\/div>\n\t\t\t\t<\/div>\n\t\t\t\t<div class=\"elementor-element elementor-element-37a1119 elementor-widget elementor-widget-heading\" data-id=\"37a1119\" data-element_type=\"widget\" data-e-type=\"widget\" data-widget_type=\"heading.default\">\n\t\t\t\t<div class=\"elementor-widget-container\">\n\t\t\t\t\t<h4 class=\"elementor-heading-title elementor-size-default\">Digitalisierte Arbeitsbedingungen im Schulalltag <\/h4>\t\t\t\t<\/div>\n\t\t\t\t<\/div>\n\t\t\t\t<section class=\"elementor-section elementor-inner-section elementor-element elementor-element-3c19b22 elementor-section-boxed elementor-section-height-default elementor-section-height-default\" data-id=\"3c19b22\" data-element_type=\"section\" data-e-type=\"section\">\n\t\t\t\t\t\t<div class=\"elementor-container elementor-column-gap-default\">\n\t\t\t\t\t<div class=\"elementor-column elementor-col-50 elementor-inner-column elementor-element elementor-element-5fb5f1a\" data-id=\"5fb5f1a\" data-element_type=\"column\" data-e-type=\"column\">\n\t\t\t<div class=\"elementor-widget-wrap elementor-element-populated\">\n\t\t\t\t\t\t<div class=\"elementor-element elementor-element-655222b elementor-widget elementor-widget-text-editor\" data-id=\"655222b\" data-element_type=\"widget\" data-e-type=\"widget\" data-widget_type=\"text-editor.default\">\n\t\t\t\t<div class=\"elementor-widget-container\">\n\t\t\t\t\t\t\t\t\t<p>Die Digitalisierung im Bildungssektor ist aktuell eine der wesentlichen Herausforderungen, der sich Schultr\u00e4ger, Bildungseinrichtungen und nicht zuletzt die Lehrenden und Lernenden stellen m\u00fcssen.<\/p><p>Erkl\u00e4rter Wunsch hierbei ist eine z\u00fcgige und zielorientierte Umsetzung\u00a0der erarbeiteten Digitalkonzepte.<\/p><p>Mit dem Digitalpakt des Bundes wurden Finanzierungsm\u00f6glichkeiten geschaffen, kompetente und fachlich versierte Unternehmen unterst\u00fctzen die Verantwortlichen bei der Auswahl der richtigen Technologie.<\/p>\t\t\t\t\t\t\t\t<\/div>\n\t\t\t\t<\/div>\n\t\t\t\t\t<\/div>\n\t\t<\/div>\n\t\t\t\t<div class=\"elementor-column elementor-col-50 elementor-inner-column elementor-element elementor-element-f7af5c4\" data-id=\"f7af5c4\" data-element_type=\"column\" data-e-type=\"column\">\n\t\t\t<div class=\"elementor-widget-wrap elementor-element-populated\">\n\t\t\t\t\t\t<div class=\"elementor-element elementor-element-72f0438 elementor-widget elementor-widget-text-editor\" data-id=\"72f0438\" data-element_type=\"widget\" data-e-type=\"widget\" data-widget_type=\"text-editor.default\">\n\t\t\t\t<div class=\"elementor-widget-container\">\n\t\t\t\t\t\t\t\t\t<p>F\u00fcr die Inanspruchnahme der Mittel aus dem Digitalpakt ist der zu entwickelnde\u00a0<a href=\"https:\/\/www.wirmachendigitalisierungeinfach.de\/bildung\/medienentwicklungsplan-schule\/\"><strong>Medienentwicklungsplan<\/strong><\/a>\u00a0bzw. Medienplan\u00a0mit der Planung des Einsatzes der digitalen Komponenten die Grundlage. Die tempor\u00e4re Aufstockung durch die Corona-Hilfen ist nicht direkt an diese Planung gebunden, setzt jedoch den Nachweis der zweckgebundenen Verwendung der gew\u00e4hrten Finanzhilfen voraus.<\/p>\t\t\t\t\t\t\t\t<\/div>\n\t\t\t\t<\/div>\n\t\t\t\t\t<\/div>\n\t\t<\/div>\n\t\t\t\t\t<\/div>\n\t\t<\/section>\n\t\t\t\t<div class=\"elementor-element elementor-element-ec22807 elementor-widget elementor-widget-heading\" data-id=\"ec22807\" data-element_type=\"widget\" data-e-type=\"widget\" data-widget_type=\"heading.default\">\n\t\t\t\t<div class=\"elementor-widget-container\">\n\t\t\t\t\t<h4 class=\"elementor-heading-title elementor-size-default\">Mobile Endger\u00e4te als Schaltzentrale f\u00fcr Lehrkr\u00e4fte <\/h4>\t\t\t\t<\/div>\n\t\t\t\t<\/div>\n\t\t\t\t<section class=\"elementor-section elementor-inner-section elementor-element elementor-element-f7133e0 elementor-section-boxed elementor-section-height-default elementor-section-height-default\" data-id=\"f7133e0\" data-element_type=\"section\" data-e-type=\"section\">\n\t\t\t\t\t\t<div class=\"elementor-container elementor-column-gap-default\">\n\t\t\t\t\t<div class=\"elementor-column elementor-col-50 elementor-inner-column elementor-element elementor-element-2456aa5\" data-id=\"2456aa5\" data-element_type=\"column\" data-e-type=\"column\">\n\t\t\t<div class=\"elementor-widget-wrap elementor-element-populated\">\n\t\t\t\t\t\t<div class=\"elementor-element elementor-element-bbd7030 elementor-widget elementor-widget-text-editor\" data-id=\"bbd7030\" data-element_type=\"widget\" data-e-type=\"widget\" data-widget_type=\"text-editor.default\">\n\t\t\t\t<div class=\"elementor-widget-container\">\n\t\t\t\t\t\t\t\t\t<p>Zentraler Aspekt bei der Erstellung der Konzepte sollte stets der Mensch sein. Die Technik im Allgemeinen und die IT im Besonderen ist hierbei die dienstleistende Komponente und keineswegs ein Selbstzweck.<\/p><p>Mobile Endger\u00e4te k\u00f6nnen hier als die direkte Schnittstelle zwischen digitaler Struktur und Mensch verstanden werden. Bei richtigem Einsatz sind Sie ein wertvolles Arbeitswerkzeug und Hilfsmittel f\u00fcr die Lehrkr\u00e4fte. Der Nutzen als interaktives Unterrichtsmittel, beispielsweise zur Pr\u00e4sentation von Lehrfolien mit dynamischen Inhalten und zur Unterst\u00fctzung bei Arbeitsaufgaben f\u00fcr Sch\u00fclerinnen und Sch\u00fcler wird dabei direkt offenbar. Die Einsatzm\u00f6glichkeiten gehen jedoch weit dar\u00fcber hinaus.<\/p>\t\t\t\t\t\t\t\t<\/div>\n\t\t\t\t<\/div>\n\t\t\t\t\t<\/div>\n\t\t<\/div>\n\t\t\t\t<div class=\"elementor-column elementor-col-50 elementor-inner-column elementor-element elementor-element-2e690df\" data-id=\"2e690df\" data-element_type=\"column\" data-e-type=\"column\">\n\t\t\t<div class=\"elementor-widget-wrap elementor-element-populated\">\n\t\t\t\t\t\t<div class=\"elementor-element elementor-element-aa3a448 elementor-widget elementor-widget-text-editor\" data-id=\"aa3a448\" data-element_type=\"widget\" data-e-type=\"widget\" data-widget_type=\"text-editor.default\">\n\t\t\t\t<div class=\"elementor-widget-container\">\n\t\t\t\t\t\t\t\t\t<p>Durch die hohe\u00a0Flexibilit\u00e4t und vielf\u00e4ltige Schnittstellen\u00a0sind mobile Endger\u00e4te ideale Partner f\u00fcr die Unterrichtsvor- und -nachbereitung, Pr\u00fcfungsabwicklung und administrative T\u00e4tigkeiten im Alltag der Lehrenden. Sie sind die Schaltzentrale des digitalen Arbeitsplatzes, unabh\u00e4ngig ob im Klassenraum, im Lehrerzimmer oder zu Hause.<\/p>\t\t\t\t\t\t\t\t<\/div>\n\t\t\t\t<\/div>\n\t\t\t\t\t<\/div>\n\t\t<\/div>\n\t\t\t\t\t<\/div>\n\t\t<\/section>\n\t\t\t\t<div class=\"elementor-element elementor-element-987ba63 elementor-widget elementor-widget-image\" data-id=\"987ba63\" data-element_type=\"widget\" data-e-type=\"widget\" data-widget_type=\"image.default\">\n\t\t\t\t<div class=\"elementor-widget-container\">\n\t\t\t\t\t\t\t\t\t\t\t\t\t\t\t<img decoding=\"async\" src=\"https:\/\/www.wirmachendigitalisierungeinfach.de\/bildung\/wp-content\/uploads\/sites\/5\/elementor\/thumbs\/Blogbeitrag-Header-Favorit-Jonas-scaled-pql0b9ffmmpfag8q9gl9ey2v90l213z2pgv8xk7ix4.jpeg\" title=\"Digitalisierte Arbeitsbedingungen Schule\" alt=\"Digitalisierte Arbeitsbedingungen Schule\" loading=\"lazy\" \/>\t\t\t\t\t\t\t\t\t\t\t\t\t\t\t<\/div>\n\t\t\t\t<\/div>\n\t\t\t\t<div class=\"elementor-element elementor-element-410ef4d elementor-widget elementor-widget-heading\" data-id=\"410ef4d\" data-element_type=\"widget\" data-e-type=\"widget\" data-widget_type=\"heading.default\">\n\t\t\t\t<div class=\"elementor-widget-container\">\n\t\t\t\t\t<h4 class=\"elementor-heading-title elementor-size-default\">Entwicklung von Anwendungsszenarien helfen bei der nachhaltigen Beschaffung <\/h4>\t\t\t\t<\/div>\n\t\t\t\t<\/div>\n\t\t\t\t<section class=\"elementor-section elementor-inner-section elementor-element elementor-element-8233d72 elementor-section-boxed elementor-section-height-default elementor-section-height-default\" data-id=\"8233d72\" data-element_type=\"section\" data-e-type=\"section\">\n\t\t\t\t\t\t<div class=\"elementor-container elementor-column-gap-default\">\n\t\t\t\t\t<div class=\"elementor-column elementor-col-50 elementor-inner-column elementor-element elementor-element-949a166\" data-id=\"949a166\" data-element_type=\"column\" data-e-type=\"column\">\n\t\t\t<div class=\"elementor-widget-wrap elementor-element-populated\">\n\t\t\t\t\t\t<div class=\"elementor-element elementor-element-e2aa1af elementor-widget elementor-widget-text-editor\" data-id=\"e2aa1af\" data-element_type=\"widget\" data-e-type=\"widget\" data-widget_type=\"text-editor.default\">\n\t\t\t\t<div class=\"elementor-widget-container\">\n\t\t\t\t\t\t\t\t\t<p>Die Auswahl und Anschaffung der Ger\u00e4te soll gut \u00fcberlegt und stets das Ergebnis eines Gestaltungsprozesses und nicht dessen Beginn darstellen. Bei einer \u00fcberhasteten und un\u00fcberlegten Anschaffung ohne Blick auf Einsatzzweck oder Anwendungsbereich besteht das Risiko einer nicht optimalen Nutzbarkeit, einer \u201edigitalen Sackgasse\u201c oder gar der Verlust der F\u00f6rderf\u00e4higkeit.<\/p><p>Im Sinne einer soliden und wirtschaftlich nachhaltigen Beschaffung lohnt sich die Betrachtung des Einsatzzwecks und die Gliederung von Anwendungsszenarien.<\/p>\t\t\t\t\t\t\t\t<\/div>\n\t\t\t\t<\/div>\n\t\t\t\t\t<\/div>\n\t\t<\/div>\n\t\t\t\t<div class=\"elementor-column elementor-col-50 elementor-inner-column elementor-element elementor-element-558c1a3\" data-id=\"558c1a3\" data-element_type=\"column\" data-e-type=\"column\">\n\t\t\t<div class=\"elementor-widget-wrap elementor-element-populated\">\n\t\t\t\t\t\t<div class=\"elementor-element elementor-element-a811620 elementor-widget elementor-widget-text-editor\" data-id=\"a811620\" data-element_type=\"widget\" data-e-type=\"widget\" data-widget_type=\"text-editor.default\">\n\t\t\t\t<div class=\"elementor-widget-container\">\n\t\t\t\t\t\t\t\t\t<p>Zun\u00e4chst ist eine <strong>Status-Quo-Bestimmung<\/strong> des aktuellen Endger\u00e4te-Pools ratsam:<\/p><ul><li>sind bereits Ger\u00e4te vorhanden oder wird eine Neuausr\u00fcstung oder Ersatzbeschaffung angestrebt?<\/li><li>soll jeder Lehrkraft ein Ger\u00e4t zur Verf\u00fcgung gestellt oder ist ein Ger\u00e4te-Pool mit rotierendem Einsatz vorgesehen?\u00a0<\/li><li>bei welchen T\u00e4tigkeiten des Lehralltags k\u00f6nnen mobile Ger\u00e4te unterst\u00fctzen?<\/li><\/ul>\t\t\t\t\t\t\t\t<\/div>\n\t\t\t\t<\/div>\n\t\t\t\t\t<\/div>\n\t\t<\/div>\n\t\t\t\t\t<\/div>\n\t\t<\/section>\n\t\t\t\t<div class=\"elementor-element elementor-element-bf70244 elementor-widget elementor-widget-heading\" data-id=\"bf70244\" data-element_type=\"widget\" data-e-type=\"widget\" data-widget_type=\"heading.default\">\n\t\t\t\t<div class=\"elementor-widget-container\">\n\t\t\t\t\t<h4 class=\"elementor-heading-title elementor-size-default\">Folgende Faustregel kann bei der Analyse helfen <\/h4>\t\t\t\t<\/div>\n\t\t\t\t<\/div>\n\t\t\t\t<section class=\"elementor-section elementor-inner-section elementor-element elementor-element-0c424ad elementor-section-boxed elementor-section-height-default elementor-section-height-default\" data-id=\"0c424ad\" data-element_type=\"section\" data-e-type=\"section\">\n\t\t\t\t\t\t<div class=\"elementor-container elementor-column-gap-default\">\n\t\t\t\t\t<div class=\"elementor-column elementor-col-50 elementor-inner-column elementor-element elementor-element-2f260b7\" data-id=\"2f260b7\" data-element_type=\"column\" data-e-type=\"column\">\n\t\t\t<div class=\"elementor-widget-wrap elementor-element-populated\">\n\t\t\t\t\t\t<div class=\"elementor-element elementor-element-66d9b6a elementor-widget elementor-widget-text-editor\" data-id=\"66d9b6a\" data-element_type=\"widget\" data-e-type=\"widget\" data-widget_type=\"text-editor.default\">\n\t\t\t\t<div class=\"elementor-widget-container\">\n\t\t\t\t\t\t\t\t\t<p>Beim <strong>Einsatzzweck<\/strong> kann man unterscheiden nach unterrichtsbezogenen, pr\u00fcfungsbezogenen und administrativen T\u00e4tigkeiten. <br \/>Die <strong>Einsatzorte<\/strong> unterscheiden sich in <u>feste \u00d6rtlichkeiten<\/u> wie Klassenzimmer, Lehrerzimmer oder Heimarbeitsplatz und <u>variablen Einsatzorte<\/u>, wie Klassenfahrten und Exkursionen oder die mobile Unterrichtsvorbereitung (z.B. in der Bahn). Ferner sollte zur Absch\u00e4tzung der notwendigen Rechnerleistung der Ger\u00e4te eine Clusterung der Arbeitsprozesse anhand des Rechenaufwands erfolgen.\u00a0<\/p><p>Dieser abstrakten und zugegeben schwierigen Analyse kann folgende vereinfachende Unterscheidung als Faustregel entgegengesetzt werden:<\/p>\t\t\t\t\t\t\t\t<\/div>\n\t\t\t\t<\/div>\n\t\t\t\t\t<\/div>\n\t\t<\/div>\n\t\t\t\t<div class=\"elementor-column elementor-col-50 elementor-inner-column elementor-element elementor-element-abfcd92\" data-id=\"abfcd92\" data-element_type=\"column\" data-e-type=\"column\">\n\t\t\t<div class=\"elementor-widget-wrap elementor-element-populated\">\n\t\t\t\t\t\t<div class=\"elementor-element elementor-element-4389867 elementor-widget elementor-widget-text-editor\" data-id=\"4389867\" data-element_type=\"widget\" data-e-type=\"widget\" data-widget_type=\"text-editor.default\">\n\t\t\t\t<div class=\"elementor-widget-container\">\n\t\t\t\t\t\t\t\t\t<p>Prozesse, bei denen eigene Inhalte in Form von Videos oder Audiospuren erstellt werden sollen, sind generell rechenintensiver als das Abspielen bereits fertiger Inhalte und Textverarbeitungsaufgaben.<\/p><p>Auch die verf\u00fcgbaren Schnittstellen im Verbund mit weiterer Hardware spielen bei der Ger\u00e4teauswahl eine wichtige Rolle. Welche Peripherie soll zusammen mit den Endger\u00e4ten betrieben werden?\u00a0Multimediale Inhalte sind bereits heute vielfach im modernen Unterricht integriert mit weiterem Ausbaupotential f\u00fcr die Zukunft. Die Verbindung der einzelnen audiovisuellen Hardwarekomponenten im Klassenzimmer bildet hierzu die technische Voraussetzung. Die vorbereiteten Unterrichtsinhalte k\u00f6nnen zentral oder dezentral vorgehalten werden und werden auf Abruf beispielsweise durch Monitore, Projektoren oder elektronische Tafeln angezeigt.<\/p>\t\t\t\t\t\t\t\t<\/div>\n\t\t\t\t<\/div>\n\t\t\t\t\t<\/div>\n\t\t<\/div>\n\t\t\t\t\t<\/div>\n\t\t<\/section>\n\t\t\t\t<div class=\"elementor-element elementor-element-3424c1d elementor-widget elementor-widget-heading\" data-id=\"3424c1d\" data-element_type=\"widget\" data-e-type=\"widget\" data-widget_type=\"heading.default\">\n\t\t\t\t<div class=\"elementor-widget-container\">\n\t\t\t\t\t<h4 class=\"elementor-heading-title elementor-size-default\">Das Unterrichtskonzept entscheidet \u00fcber Kommunikationsart <\/h4>\t\t\t\t<\/div>\n\t\t\t\t<\/div>\n\t\t\t\t<section class=\"elementor-section elementor-inner-section elementor-element elementor-element-e005946 elementor-section-boxed elementor-section-height-default elementor-section-height-default\" data-id=\"e005946\" data-element_type=\"section\" data-e-type=\"section\">\n\t\t\t\t\t\t<div class=\"elementor-container elementor-column-gap-default\">\n\t\t\t\t\t<div class=\"elementor-column elementor-col-50 elementor-inner-column elementor-element elementor-element-00a2ee6\" data-id=\"00a2ee6\" data-element_type=\"column\" data-e-type=\"column\">\n\t\t\t<div class=\"elementor-widget-wrap elementor-element-populated\">\n\t\t\t\t\t\t<div class=\"elementor-element elementor-element-f743ade elementor-widget elementor-widget-text-editor\" data-id=\"f743ade\" data-element_type=\"widget\" data-e-type=\"widget\" data-widget_type=\"text-editor.default\">\n\t\t\t\t<div class=\"elementor-widget-container\">\n\t\t\t\t\t\t\t\t\t<p>Audioinhalte werden \u00fcber Lautsprecher oder Kopfh\u00f6rer ausgegeben. Die Eingabe von Inhalten erfolgt \u00fcber die elektronische Tafel, per Touchapplikation oder \u00fcber softwaregest\u00fctzte Kamerasysteme, welche Inhalte direkt digitalisieren. Je nach Unterricht ist die direkte Kommunikation mit Endger\u00e4ten der Sch\u00fclerinnen und Sch\u00fcler notwendig. Das Unterrichtskonzept entscheidet dabei, ob diese Kommunikation uni- oder bidirektional erfolgen soll.<\/p><p>Bei diesen Anwendungsszenarien ist ein zentraler Rechner entweder notwendige Steuerungszentrale oder eine sinnvolle Erg\u00e4nzung auf Seiten der Unterrichtenden. Mobile Ger\u00e4te bieten hier durch ihre gro\u00dfe Flexibilit\u00e4t Vorteile gegen\u00fcber station\u00e4ren Rechnern.<\/p>\t\t\t\t\t\t\t\t<\/div>\n\t\t\t\t<\/div>\n\t\t\t\t\t<\/div>\n\t\t<\/div>\n\t\t\t\t<div class=\"elementor-column elementor-col-50 elementor-inner-column elementor-element elementor-element-2e5ce85\" data-id=\"2e5ce85\" data-element_type=\"column\" data-e-type=\"column\">\n\t\t\t<div class=\"elementor-widget-wrap elementor-element-populated\">\n\t\t\t\t\t\t<div class=\"elementor-element elementor-element-475d4b5 elementor-widget elementor-widget-text-editor\" data-id=\"475d4b5\" data-element_type=\"widget\" data-e-type=\"widget\" data-widget_type=\"text-editor.default\">\n\t\t\t\t<div class=\"elementor-widget-container\">\n\t\t\t\t\t\t\t\t\t<p>Im Distanzunterricht ist der Einsatz von Kameras und Mikrofonen offenbar geworden. Ein zweiter Bildschirm hilft der Lehrkraft, die \u00dcbersicht w\u00e4hrend der Pr\u00e4sentation bei gleichzeitigem Sichtkontakt zu den Sch\u00fclerinnen und Sch\u00fclern zu behalten.<\/p><p>Auch arbeitsergonomische Gesichtspunkte d\u00fcrfen nicht unber\u00fccksichtigt bleiben. F\u00fcr den Heimarbeitsplatz kann beispielsweise eine eingebaute Kamera mit integriertem Mikrophon gute Dienste leisten, andere Arbeitspl\u00e4tze setzen hingegen aufgrund der Pr\u00e4sentationsart ein Headset und eine externe Kamera voraus.<\/p>\t\t\t\t\t\t\t\t<\/div>\n\t\t\t\t<\/div>\n\t\t\t\t\t<\/div>\n\t\t<\/div>\n\t\t\t\t\t<\/div>\n\t\t<\/section>\n\t\t\t\t<div class=\"elementor-element elementor-element-f8c3a83 elementor-widget elementor-widget-heading\" data-id=\"f8c3a83\" data-element_type=\"widget\" data-e-type=\"widget\" data-widget_type=\"heading.default\">\n\t\t\t\t<div class=\"elementor-widget-container\">\n\t\t\t\t\t<h4 class=\"elementor-heading-title elementor-size-default\">Der Einsatzzweck legt die Parameter f\u00fcr die Hardwareauswahl fest <\/h4>\t\t\t\t<\/div>\n\t\t\t\t<\/div>\n\t\t\t\t<section class=\"elementor-section elementor-inner-section elementor-element elementor-element-e2c687f elementor-section-boxed elementor-section-height-default elementor-section-height-default\" data-id=\"e2c687f\" data-element_type=\"section\" data-e-type=\"section\">\n\t\t\t\t\t\t<div class=\"elementor-container elementor-column-gap-default\">\n\t\t\t\t\t<div class=\"elementor-column elementor-col-50 elementor-inner-column elementor-element elementor-element-35b48c5\" data-id=\"35b48c5\" data-element_type=\"column\" data-e-type=\"column\">\n\t\t\t<div class=\"elementor-widget-wrap elementor-element-populated\">\n\t\t\t\t\t\t<div class=\"elementor-element elementor-element-5c6667c elementor-widget elementor-widget-text-editor\" data-id=\"5c6667c\" data-element_type=\"widget\" data-e-type=\"widget\" data-widget_type=\"text-editor.default\">\n\t\t\t\t<div class=\"elementor-widget-container\">\n\t\t\t\t\t\t\t\t\t<p>So unterschiedlich sich die Anwendungsszenarien gestalten, so verschieden ist auch das Angebot mobiler Endger\u00e4te. Die Palette reicht von Tablets mit integriertem Touchscreen bis zu High-Performance-Notebooks mit einer Rechenleistung guter station\u00e4rer Computer. Eine hybride Ger\u00e4teklasse stellen sogenannte Convertibles dar. Diese Ger\u00e4te sind einerseits Notebooks mit eingebauter Tastatur und andererseits k\u00f6nnen sie durch Umklappen des Bildschirms in ein Tablet verwandelt werden, das per Touchscreen bedient wird. Eine Nebenrolle spielen Smartphones, sie sind aufgrund ihrer Kompaktheit und der fehlenden Schnittstellen aus den F\u00f6rderprogrammen ausgeschlossen.<\/p>\t\t\t\t\t\t\t\t<\/div>\n\t\t\t\t<\/div>\n\t\t\t\t\t<\/div>\n\t\t<\/div>\n\t\t\t\t<div class=\"elementor-column elementor-col-50 elementor-inner-column elementor-element elementor-element-d73bd11\" data-id=\"d73bd11\" data-element_type=\"column\" data-e-type=\"column\">\n\t\t\t<div class=\"elementor-widget-wrap elementor-element-populated\">\n\t\t\t\t\t\t\t<\/div>\n\t\t<\/div>\n\t\t\t\t\t<\/div>\n\t\t<\/section>\n\t\t\t\t<div class=\"elementor-element elementor-element-630be6c elementor-widget elementor-widget-image\" data-id=\"630be6c\" data-element_type=\"widget\" data-e-type=\"widget\" data-widget_type=\"image.default\">\n\t\t\t\t<div class=\"elementor-widget-container\">\n\t\t\t\t\t\t\t\t\t\t\t\t\t\t\t<img decoding=\"async\" src=\"https:\/\/www.wirmachendigitalisierungeinfach.de\/bildung\/wp-content\/uploads\/sites\/5\/elementor\/thumbs\/Blogbeitrag-WMDE-5-scaled-pql0vqcwgqqslbul2dt88vy9cy50xp7tg9tr7gdugg.jpeg\" title=\"Mobile Endger\u00e4te Schule\" alt=\"Mobile Endger\u00e4te Schule\" loading=\"lazy\" \/>\t\t\t\t\t\t\t\t\t\t\t\t\t\t\t<\/div>\n\t\t\t\t<\/div>\n\t\t\t\t<div class=\"elementor-element elementor-element-c303e2b elementor-widget elementor-widget-heading\" data-id=\"c303e2b\" data-element_type=\"widget\" data-e-type=\"widget\" data-widget_type=\"heading.default\">\n\t\t\t\t<div class=\"elementor-widget-container\">\n\t\t\t\t\t<h4 class=\"elementor-heading-title elementor-size-default\">Welche technischen Kriterien bestimmen die Hardwareauswahl - wie wirkt sich das auf den Preis aus? <\/h4>\t\t\t\t<\/div>\n\t\t\t\t<\/div>\n\t\t\t\t<section class=\"elementor-section elementor-inner-section elementor-element elementor-element-17643ce elementor-section-boxed elementor-section-height-default elementor-section-height-default\" data-id=\"17643ce\" data-element_type=\"section\" data-e-type=\"section\">\n\t\t\t\t\t\t<div class=\"elementor-container elementor-column-gap-default\">\n\t\t\t\t\t<div class=\"elementor-column elementor-col-50 elementor-inner-column elementor-element elementor-element-0f26ec5\" data-id=\"0f26ec5\" data-element_type=\"column\" data-e-type=\"column\">\n\t\t\t<div class=\"elementor-widget-wrap elementor-element-populated\">\n\t\t\t\t\t\t<div class=\"elementor-element elementor-element-630fa54 elementor-widget elementor-widget-text-editor\" data-id=\"630fa54\" data-element_type=\"widget\" data-e-type=\"widget\" data-widget_type=\"text-editor.default\">\n\t\t\t\t<div class=\"elementor-widget-container\">\n\t\t\t\t\t\t\t\t\t<p>Kurz gesagt, bestimmt die Leistung den Preis. Zur detaillierteren Gegen\u00fcberstellung der Ger\u00e4te dienen Benchmarks wie SYSmark\u00ae 25 und MobileMark\u00ae 2018, die die Leistungsf\u00e4higkeit der Systeme nach festen Kriterien pr\u00fcfen.<\/p><p>Der Bildschirm als prim\u00e4re Ausgabe ist entscheidender Faktor f\u00fcr eine gute Arbeitsergonomie. Bei Tablets liegt die Gr\u00f6\u00dfe zwischen 10\u201c und 12\u201c, bei Notebooks zwischen 13\u201c und 17\u201c. Die Bildschirmgr\u00f6\u00dfe der Convertibles liegt hier im Mittelfeld. Bei Tablets dient der Bildschirm gleichzeitig als Tastatur und Maus, was Vorteile f\u00fcr die Kompaktheit bietet, einer guten Nutzbarkeit als Schreibger\u00e4t jedoch entgegensteht. Hier schaffen externe Tastaturen und M\u00e4use als Zusatzger\u00e4te Abhilfe.<\/p>\t\t\t\t\t\t\t\t<\/div>\n\t\t\t\t<\/div>\n\t\t\t\t\t<\/div>\n\t\t<\/div>\n\t\t\t\t<div class=\"elementor-column elementor-col-50 elementor-inner-column elementor-element elementor-element-691c8e8\" data-id=\"691c8e8\" data-element_type=\"column\" data-e-type=\"column\">\n\t\t\t<div class=\"elementor-widget-wrap elementor-element-populated\">\n\t\t\t\t\t\t<div class=\"elementor-element elementor-element-38d853a elementor-widget elementor-widget-text-editor\" data-id=\"38d853a\" data-element_type=\"widget\" data-e-type=\"widget\" data-widget_type=\"text-editor.default\">\n\t\t\t\t<div class=\"elementor-widget-container\">\n\t\t\t\t\t\t\t\t\t<ul><li>Die Anbindung der Ger\u00e4te ins lokale Netzwerk und\/oder das Internet erfolgt entweder kabelgebunden per Netzwerkkabel oder drahtlos per WLAN.\u00a0<\/li><li>Bei Einsatz der Ger\u00e4te au\u00dferhalb der Geb\u00e4ude mit Netzanbindung kann die Verbindung \u00fcber eine LTE- oder zuk\u00fcnftig 5G-Schnittstelle per SIM-Karte realisiert werden.<\/li><li>Zur Koppelung der Ger\u00e4te untereinander kommen als kabelgebundene Schnittstellen beispielsweise USB, USB-C, HDMI oder Displayport zum Einsatz.<\/li><li>Zur kabellosen Verbindung dienen der WLAN-Adapter, Bluetooth oder gegebenenfalls propriet\u00e4re Funkkommunikationsschnittstellen.\u00a0<\/li><\/ul>\t\t\t\t\t\t\t\t<\/div>\n\t\t\t\t<\/div>\n\t\t\t\t\t<\/div>\n\t\t<\/div>\n\t\t\t\t\t<\/div>\n\t\t<\/section>\n\t\t\t\t<section class=\"elementor-section elementor-inner-section elementor-element elementor-element-f076cfe elementor-section-boxed elementor-section-height-default elementor-section-height-default\" data-id=\"f076cfe\" data-element_type=\"section\" data-e-type=\"section\">\n\t\t\t\t\t\t<div class=\"elementor-container elementor-column-gap-default\">\n\t\t\t\t\t<div class=\"elementor-column elementor-col-50 elementor-inner-column elementor-element elementor-element-2a81f79\" data-id=\"2a81f79\" data-element_type=\"column\" data-e-type=\"column\">\n\t\t\t<div class=\"elementor-widget-wrap elementor-element-populated\">\n\t\t\t\t\t\t<div class=\"elementor-element elementor-element-fbed741 elementor-widget elementor-widget-text-editor\" data-id=\"fbed741\" data-element_type=\"widget\" data-e-type=\"widget\" data-widget_type=\"text-editor.default\">\n\t\t\t\t<div class=\"elementor-widget-container\">\n\t\t\t\t\t\t\t\t\t<p>Falls die Ger\u00e4te \u00fcber zu wenige Anschlussm\u00f6glichkeiten verf\u00fcgen oder feste Standorte mit Schnittstellen gew\u00fcnscht sind, k\u00f6nnen Docking-Stationen oder Adapter die Anschlussm\u00f6glichkeiten erweitern und gleichzeitig den Akku aufladen.\u00a0<\/p><p>Bei stromnetzunabh\u00e4ngigen Anwendungen muss eine ausreichende Akkukapazit\u00e4t gew\u00e4hrleistet sein. Hier unterscheiden sich die Ger\u00e4te zum Teil erheblich. Mobile Ger\u00e4te, die f\u00fcr den Businesseinsatz konzipiert sind, weisen zumeist deutlich l\u00e4ngere Betriebszeiten auf oder sind durch entsprechend h\u00f6her kapazitive Akkus aufr\u00fcstbar.<\/p>\t\t\t\t\t\t\t\t<\/div>\n\t\t\t\t<\/div>\n\t\t\t\t\t<\/div>\n\t\t<\/div>\n\t\t\t\t<div class=\"elementor-column elementor-col-50 elementor-inner-column elementor-element elementor-element-556a89c\" data-id=\"556a89c\" data-element_type=\"column\" data-e-type=\"column\">\n\t\t\t<div class=\"elementor-widget-wrap elementor-element-populated\">\n\t\t\t\t\t\t<div class=\"elementor-element elementor-element-5b35cd1 elementor-widget elementor-widget-text-editor\" data-id=\"5b35cd1\" data-element_type=\"widget\" data-e-type=\"widget\" data-widget_type=\"text-editor.default\">\n\t\t\t\t<div class=\"elementor-widget-container\">\n\t\t\t\t\t\t\t\t\t<p>Businessger\u00e4te sind preislich h\u00f6her angesiedelt, bieten aufgrund der verbauten Komponenten aber h\u00e4ufig<\/p><ul><li>eine l\u00e4ngere Lebensdauer und eine herstellerseitig verl\u00e4ngerte Garantie bzw. Gew\u00e4hrleistung\u00a0<\/li><li>eine verbesserte Schnittstellenvielfalt sowie Integrierbarkeit in bestehende Netzstrukturen (z.B Fernwartungs- und Supportm\u00f6glichkeiten, auch bei abgest\u00fcrztem Betriebssystem).<\/li><\/ul>\t\t\t\t\t\t\t\t<\/div>\n\t\t\t\t<\/div>\n\t\t\t\t\t<\/div>\n\t\t<\/div>\n\t\t\t\t\t<\/div>\n\t\t<\/section>\n\t\t\t\t<section class=\"elementor-section elementor-inner-section elementor-element elementor-element-391ea3b elementor-section-boxed elementor-section-height-default elementor-section-height-default\" data-id=\"391ea3b\" data-element_type=\"section\" data-e-type=\"section\">\n\t\t\t\t\t\t<div class=\"elementor-container elementor-column-gap-default\">\n\t\t\t\t\t<div class=\"elementor-column elementor-col-50 elementor-inner-column elementor-element elementor-element-efcc4c7\" data-id=\"efcc4c7\" data-element_type=\"column\" data-e-type=\"column\">\n\t\t\t<div class=\"elementor-widget-wrap elementor-element-populated\">\n\t\t\t\t\t\t<div class=\"elementor-element elementor-element-ee410ce elementor-widget elementor-widget-text-editor\" data-id=\"ee410ce\" data-element_type=\"widget\" data-e-type=\"widget\" data-widget_type=\"text-editor.default\">\n\t\t\t\t<div class=\"elementor-widget-container\">\n\t\t\t\t\t\t\t\t\t<p>Nicht zuletzt ist auch die Auswahl des Ger\u00e4tebetriebssystems ein wichtiges Kriterium:<\/p><ul><li>Welche Software ist bereits vorhanden oder soll angeschafft und eingesetzt werden? Hierbei lohnt sich unbedingt <a href=\"https:\/\/www.cisco.com\/c\/de_de\/products\/index.html\" target=\"_blank\" rel=\"noopener\">die ganzheitliche Betrachtung<\/a> von (B\u00fcro-)Kommunikations- Software \u00fcber die Software zur Unterrichtsgestaltung bis hin zu Fernwartungstools.\u00a0<\/li><li>Sind Schnittstellen definiert? Besteht Kompatibilit\u00e4t der Strukturen und Systeme?<\/li><\/ul>\t\t\t\t\t\t\t\t<\/div>\n\t\t\t\t<\/div>\n\t\t\t\t<div class=\"elementor-element elementor-element-6e0502c elementor-widget elementor-widget-spacer\" data-id=\"6e0502c\" data-element_type=\"widget\" data-e-type=\"widget\" data-widget_type=\"spacer.default\">\n\t\t\t\t<div class=\"elementor-widget-container\">\n\t\t\t\t\t\t\t<div class=\"elementor-spacer\">\n\t\t\t<div class=\"elementor-spacer-inner\"><\/div>\n\t\t<\/div>\n\t\t\t\t\t\t<\/div>\n\t\t\t\t<\/div>\n\t\t\t\t\t<\/div>\n\t\t<\/div>\n\t\t\t\t<div class=\"elementor-column elementor-col-50 elementor-inner-column elementor-element elementor-element-d231f8d\" data-id=\"d231f8d\" data-element_type=\"column\" data-e-type=\"column\">\n\t\t\t<div class=\"elementor-widget-wrap\">\n\t\t\t\t\t\t\t<\/div>\n\t\t<\/div>\n\t\t\t\t\t<\/div>\n\t\t<\/section>\n\t\t\t\t<div class=\"elementor-element elementor-element-08b4352 elementor-widget elementor-widget-heading\" data-id=\"08b4352\" data-element_type=\"widget\" data-e-type=\"widget\" data-widget_type=\"heading.default\">\n\t\t\t\t<div class=\"elementor-widget-container\">\n\t\t\t\t\t<h4 class=\"elementor-heading-title elementor-size-default\">Nachhaltige Auswahl und Lebenszyklus <\/h4>\t\t\t\t<\/div>\n\t\t\t\t<\/div>\n\t\t\t\t<div class=\"elementor-element elementor-element-02a4712 elementor-widget elementor-widget-text-editor\" data-id=\"02a4712\" data-element_type=\"widget\" data-e-type=\"widget\" data-widget_type=\"text-editor.default\">\n\t\t\t\t<div class=\"elementor-widget-container\">\n\t\t\t\t\t\t\t\t\t<p>Die Vielfalt der verschiedenen Bildungseinrichtungen und ihrer unterschiedlichen Zielgruppen zusammen mit einem breiten Spektrum aus F\u00e4cherkombinationen und digitalen Lernkonzepten macht schnell deutlich, dass es DAS mobile Endger\u00e4t f\u00fcr Lehrkr\u00e4fte nicht geben kann. Vielmehr erfordert sinnvoller und nachhaltiger digitaler Unterricht m\u00f6glichst optimierte oder ma\u00dfgeschneiderte Hardwarel\u00f6sungen.<\/p><p>Im Hinblick auf wirtschaftliche L\u00f6sungen zusammen mit einem oftmals geforderten Lebenszyklus der Ger\u00e4te von f\u00fcnf und mehr Jahren, ist eine solide Planung der Hard- und Softwarestrukturen unerl\u00e4sslich.<\/p><p>Auf diesem Weg lassen sich teure Schnellsch\u00fcsse vermeiden und nachhaltige Konzepte schaffen, in deren Mittelpunkt die Lernenden und Lehrenden stehen und von der Digitalisierung der Bildung profitieren. So gelingt schon heute der Start in die Zukunft von morgen.<\/p>\t\t\t\t\t\t\t\t<\/div>\n\t\t\t\t<\/div>\n\t\t\t\t<div class=\"elementor-element elementor-element-7f983d5 elementor-widget elementor-widget-image\" data-id=\"7f983d5\" data-element_type=\"widget\" data-e-type=\"widget\" data-widget_type=\"image.default\">\n\t\t\t\t<div class=\"elementor-widget-container\">\n\t\t\t\t\t\t\t\t\t\t\t\t\t\t\t<img fetchpriority=\"high\" decoding=\"async\" width=\"800\" height=\"534\" src=\"https:\/\/www.wirmachendigitalisierungeinfach.de\/bildung\/wp-content\/uploads\/sites\/5\/2022\/06\/Blogbeitrag-WMDE-2-1024x683.jpeg\" class=\"attachment-large size-large wp-image-5820\" alt=\"Mobile Endger\u00e4te Schule\" srcset=\"https:\/\/www.wirmachendigitalisierungeinfach.de\/bildung\/wp-content\/uploads\/sites\/5\/2022\/06\/Blogbeitrag-WMDE-2-1024x683.jpeg 1024w, https:\/\/www.wirmachendigitalisierungeinfach.de\/bildung\/wp-content\/uploads\/sites\/5\/2022\/06\/Blogbeitrag-WMDE-2-300x200.jpeg 300w, https:\/\/www.wirmachendigitalisierungeinfach.de\/bildung\/wp-content\/uploads\/sites\/5\/2022\/06\/Blogbeitrag-WMDE-2-768x512.jpeg 768w, https:\/\/www.wirmachendigitalisierungeinfach.de\/bildung\/wp-content\/uploads\/sites\/5\/2022\/06\/Blogbeitrag-WMDE-2-1536x1024.jpeg 1536w, https:\/\/www.wirmachendigitalisierungeinfach.de\/bildung\/wp-content\/uploads\/sites\/5\/2022\/06\/Blogbeitrag-WMDE-2-2048x1366.jpeg 2048w\" sizes=\"(max-width: 800px) 100vw, 800px\" \/>\t\t\t\t\t\t\t\t\t\t\t\t\t\t\t<\/div>\n\t\t\t\t<\/div>\n\t\t\t\t\t<\/div>\n\t\t<\/div>\n\t\t\t\t\t<\/div>\n\t\t<\/section>\n\t\t\t\t<section class=\"elementor-section elementor-inner-section elementor-element elementor-element-5d95c543 elementor-section-boxed elementor-section-height-default elementor-section-height-default\" data-id=\"5d95c543\" data-element_type=\"section\" data-e-type=\"section\">\n\t\t\t\t\t\t<div class=\"elementor-container elementor-column-gap-default\">\n\t\t\t\t\t<div class=\"elementor-column elementor-col-100 elementor-inner-column elementor-element elementor-element-17f255f\" data-id=\"17f255f\" data-element_type=\"column\" data-e-type=\"column\">\n\t\t\t<div class=\"elementor-widget-wrap elementor-element-populated\">\n\t\t\t\t\t\t<div class=\"elementor-element elementor-element-49b5cc3f elementor-widget elementor-widget-text-editor\" data-id=\"49b5cc3f\" data-element_type=\"widget\" data-e-type=\"widget\" data-widget_type=\"text-editor.default\">\n\t\t\t\t<div class=\"elementor-widget-container\">\n\t\t\t\t\t\t\t\t\t<p>Folgen Sie uns gerne auch unter <a href=\"https:\/\/www.linkedin.com\/showcase\/wirmachendigitalisierungeinfach\/\" target=\"_blank\" rel=\"noopener\">LinkedIn <\/a>oder kontaktieren Sie uns bei Fragen direkt unter <a href=\"mailto:bildung@wirmachendigitalisierungeinfach.de\">bildung@wirmachendigitalisierungeinfach.de\u00a0<\/a><br \/>Wir freuen uns auf den Austausch mit Ihnen!\u00a0<\/p>\t\t\t\t\t\t\t\t<\/div>\n\t\t\t\t<\/div>\n\t\t\t\t\t<\/div>\n\t\t<\/div>\n\t\t\t\t\t<\/div>\n\t\t<\/section>\n\t\t\t\t<section class=\"elementor-section elementor-inner-section elementor-element elementor-element-3daf93a0 elementor-section-boxed elementor-section-height-default elementor-section-height-default\" data-id=\"3daf93a0\" data-element_type=\"section\" data-e-type=\"section\">\n\t\t\t\t\t\t<div class=\"elementor-container elementor-column-gap-default\">\n\t\t\t\t\t<div class=\"elementor-column elementor-col-50 elementor-inner-column elementor-element elementor-element-144dd223\" data-id=\"144dd223\" data-element_type=\"column\" data-e-type=\"column\">\n\t\t\t<div class=\"elementor-widget-wrap elementor-element-populated\">\n\t\t\t\t\t\t<div class=\"elementor-element elementor-element-2a25a9b9 elementor-cta--skin-classic elementor-animated-content elementor-bg-transform elementor-bg-transform-zoom-in elementor-widget elementor-widget-call-to-action\" data-id=\"2a25a9b9\" data-element_type=\"widget\" data-e-type=\"widget\" data-widget_type=\"call-to-action.default\">\n\t\t\t\t<div class=\"elementor-widget-container\">\n\t\t\t\t\t\t\t<div class=\"elementor-cta\">\n\t\t\t\t\t<div class=\"elementor-cta__bg-wrapper\">\n\t\t\t\t<div class=\"elementor-cta__bg elementor-bg\" style=\"background-image: url(https:\/\/www.wirmachendigitalisierungeinfach.de\/bildung\/wp-content\/uploads\/sites\/5\/2022\/10\/wmde_schritt-f-schritt_Mockup-1.png);\" role=\"img\" aria-label=\"wmde_schritt-f-schritt_Mockup\"><\/div>\n\t\t\t\t<div class=\"elementor-cta__bg-overlay\"><\/div>\n\t\t\t<\/div>\n\t\t\t\t\t\t\t<div class=\"elementor-cta__content\">\n\t\t\t\t\n\t\t\t\t\t\t\t\t\t<h4 class=\"elementor-cta__title elementor-cta__content-item elementor-content-item\">\n\t\t\t\t\t\tAnleitung &amp; Checkliste zur Digitalisierung\t\t\t\t\t<\/h4>\n\t\t\t\t\n\t\t\t\t\t\t\t\t\t<div class=\"elementor-cta__description elementor-cta__content-item elementor-content-item\">\n\t\t\t\t\t\tVon der Orientierung, \u00fcber die Antragstellung (Planung &amp; Vergabe) bis zur technischen Umsetzung. Mit unserer Schritt-f\u00fcr-Schritt-Anleitung helfen wir Schultr\u00e4gern auf ihrer Digitalisierungsreise. \n\t\t\t\t\t<\/div>\n\t\t\t\t\n\t\t\t\t\t\t\t\t\t<div class=\"elementor-cta__button-wrapper elementor-cta__content-item elementor-content-item \">\n\t\t\t\t\t<a class=\"elementor-cta__button elementor-button elementor-size-\" href=\"https:\/\/www.wirmachendigitalisierungeinfach.de\/bildung\/schritt-fuer-schritt-anleitung-download\/\">\n\t\t\t\t\t\tZur Anleitung\t\t\t\t\t<\/a>\n\t\t\t\t\t<\/div>\n\t\t\t\t\t\t\t<\/div>\n\t\t\t\t\t\t<\/div>\n\t\t\t\t\t\t<\/div>\n\t\t\t\t<\/div>\n\t\t\t\t\t<\/div>\n\t\t<\/div>\n\t\t\t\t<div class=\"elementor-column elementor-col-50 elementor-inner-column elementor-element elementor-element-76580189\" data-id=\"76580189\" data-element_type=\"column\" data-e-type=\"column\">\n\t\t\t<div class=\"elementor-widget-wrap elementor-element-populated\">\n\t\t\t\t\t\t<div class=\"elementor-element elementor-element-739ab30a elementor-cta--skin-classic elementor-animated-content elementor-bg-transform elementor-bg-transform-zoom-in elementor-widget elementor-widget-call-to-action\" data-id=\"739ab30a\" data-element_type=\"widget\" data-e-type=\"widget\" data-widget_type=\"call-to-action.default\">\n\t\t\t\t<div class=\"elementor-widget-container\">\n\t\t\t\t\t\t\t<div class=\"elementor-cta\">\n\t\t\t\t\t<div class=\"elementor-cta__bg-wrapper\">\n\t\t\t\t<div class=\"elementor-cta__bg elementor-bg\" style=\"background-image: url(https:\/\/www.wirmachendigitalisierungeinfach.de\/bildung\/wp-content\/uploads\/sites\/5\/2022\/07\/wmde_schritt-f-schritt_Security_Mockuptransp-1.png);\" role=\"img\" aria-label=\"wmDe Anleitung IT-Sicherheit in der Digitalisierung\"><\/div>\n\t\t\t\t<div class=\"elementor-cta__bg-overlay\"><\/div>\n\t\t\t<\/div>\n\t\t\t\t\t\t\t<div class=\"elementor-cta__content\">\n\t\t\t\t\n\t\t\t\t\t\t\t\t\t<h4 class=\"elementor-cta__title elementor-cta__content-item elementor-content-item\">\n\t\t\t\t\t\tSchritt-f\u00fcr-Schritt-Anleitung   IT-Sicherheit\t\t\t\t\t<\/h4>\n\t\t\t\t\n\t\t\t\t\t\t\t\t\t<div class=\"elementor-cta__description elementor-cta__content-item elementor-content-item\">\n\t\t\t\t\t\tUnsere Schritt-f\u00fcr-Schritt-Anleitung zum Thema IT-Sicherheit bietet einen tiefgreifenden Einblick dar\u00fcber, was ein Sicherheitskonzept f\u00fcr Ihre Schule(n) beinhalten sollte.\n\nDigitale Bildung ist Herzenssache, das funktioniert nur gemeinsam!\t\t\t\t\t<\/div>\n\t\t\t\t\n\t\t\t\t\t\t\t\t\t<div class=\"elementor-cta__button-wrapper elementor-cta__content-item elementor-content-item \">\n\t\t\t\t\t<a class=\"elementor-cta__button elementor-button elementor-size-\" href=\"https:\/\/www.wirmachendigitalisierungeinfach.de\/bildung\/download-schritt-fuer-schritt-anleitung-it-security\/\">\n\t\t\t\t\t\tZur Anleitung\t\t\t\t\t<\/a>\n\t\t\t\t\t<\/div>\n\t\t\t\t\t\t\t<\/div>\n\t\t\t\t\t\t<\/div>\n\t\t\t\t\t\t<\/div>\n\t\t\t\t<\/div>\n\t\t\t\t\t<\/div>\n\t\t<\/div>\n\t\t\t\t\t<\/div>\n\t\t<\/section>\n\t\t\t\t<\/div>\n\t\t","protected":false},"excerpt":{"rendered":"<p>Mobile Endger\u00e4te als Schaltzentrale des digitalen Arbeitsplatzes f\u00fcr Lehrkr\u00e4fte. Erfahren Sie hier, worauf Sie bei der Auswahl und Anschaffung achten m\u00fcssen! Digitalisierte Arbeitsbedingungen im Schulalltag Die Digitalisierung im Bildungssektor ist aktuell eine der wesentlichen Herausforderungen, der sich Schultr\u00e4ger, Bildungseinrichtungen und nicht zuletzt die Lehrenden und Lernenden stellen m\u00fcssen. Erkl\u00e4rter Wunsch hierbei ist eine z\u00fcgige und [&hellip;]<\/p>\n","protected":false},"author":14,"featured_media":5814,"comment_status":"open","ping_status":"open","sticky":false,"template":"","format":"standard","meta":{"footnotes":""},"categories":[54,1],"tags":[],"class_list":["post-5809","post","type-post","status-publish","format-standard","has-post-thumbnail","hentry","category-hybride-unterrichtskonzepte","category-allgemein"],"_links":{"self":[{"href":"https:\/\/www.wirmachendigitalisierungeinfach.de\/bildung\/wp-json\/wp\/v2\/posts\/5809","targetHints":{"allow":["GET"]}}],"collection":[{"href":"https:\/\/www.wirmachendigitalisierungeinfach.de\/bildung\/wp-json\/wp\/v2\/posts"}],"about":[{"href":"https:\/\/www.wirmachendigitalisierungeinfach.de\/bildung\/wp-json\/wp\/v2\/types\/post"}],"author":[{"embeddable":true,"href":"https:\/\/www.wirmachendigitalisierungeinfach.de\/bildung\/wp-json\/wp\/v2\/users\/14"}],"replies":[{"embeddable":true,"href":"https:\/\/www.wirmachendigitalisierungeinfach.de\/bildung\/wp-json\/wp\/v2\/comments?post=5809"}],"version-history":[{"count":31,"href":"https:\/\/www.wirmachendigitalisierungeinfach.de\/bildung\/wp-json\/wp\/v2\/posts\/5809\/revisions"}],"predecessor-version":[{"id":6862,"href":"https:\/\/www.wirmachendigitalisierungeinfach.de\/bildung\/wp-json\/wp\/v2\/posts\/5809\/revisions\/6862"}],"wp:featuredmedia":[{"embeddable":true,"href":"https:\/\/www.wirmachendigitalisierungeinfach.de\/bildung\/wp-json\/wp\/v2\/media\/5814"}],"wp:attachment":[{"href":"https:\/\/www.wirmachendigitalisierungeinfach.de\/bildung\/wp-json\/wp\/v2\/media?parent=5809"}],"wp:term":[{"taxonomy":"category","embeddable":true,"href":"https:\/\/www.wirmachendigitalisierungeinfach.de\/bildung\/wp-json\/wp\/v2\/categories?post=5809"},{"taxonomy":"post_tag","embeddable":true,"href":"https:\/\/www.wirmachendigitalisierungeinfach.de\/bildung\/wp-json\/wp\/v2\/tags?post=5809"}],"curies":[{"name":"wp","href":"https:\/\/api.w.org\/{rel}","templated":true}]}}